{"id":76519,"date":"2024-10-10T18:22:15","date_gmt":"2024-10-10T16:22:15","guid":{"rendered":"https:\/\/sollux-lighting.com\/?p=76519"},"modified":"2025-01-30T18:20:59","modified_gmt":"2025-01-30T17:20:59","slug":"co-to-jest-private-label-i-czy-to-dobry-pomysl-na-rozwoj-twojego-sklepu","status":"publish","type":"post","link":"https:\/\/sollux-lighting.com\/pl\/wiedza\/marka-wlasna\/co-to-jest-private-label-i-czy-to-dobry-pomysl-na-rozwoj-twojego-sklepu\/","title":{"rendered":"Marka w\u0142asna \u2013 co to jest private label i czy to dobry pomys\u0142 na rozw\u00f3j Twojego sklepu?"},"content":{"rendered":"\n<p>Prowadzisz sklep stacjonarny lub e-commerce i rozwa\u017casz r\u00f3\u017cne kierunki rozwoju? Pomy\u015bl o stworzeniu <strong>w\u0142asnej linii produkt\u00f3w<\/strong>. Nie jeste\u015b w stanie zaj\u0105\u0107 si\u0119 produkcj\u0105? Nie szkodzi! Rozwi\u0105zaniem mo\u017ce by\u0107 private label. <strong>Co to jest <a href=\"https:\/\/sollux-lighting.com\/pl\/wiedza\/marka-wlasna\/marka-wlasna-w-e-commerce-jak-wplywa-na-sprzedaz-w-sklepie\/\"><span style=\"text-decoration: underline;\">marka w\u0142asna w e-commerce<\/span><\/a><\/strong>, jakie s\u0105 korzy\u015bci z jej wdro\u017cenia \u2013 przeczytasz w artykule.<\/p>\n\n\n\n<h2 class=\"wp-block-heading\"><strong>Marka w\u0142asna \u2013 co to jest?<\/strong><\/h2>\n\n\n\n<p><strong>Marka w\u0142asna<\/strong> (ang. <em>private label<\/em>) to produkt sprzedawany pod nazw\u0105 i logo detalicznego sprzedawcy, a nie pod mark\u0105 producenta. Innymi s\u0142owy, jest to towar, kt\u00f3ry mo\u017ce wytworzy\u0107 specjalnie dla Ciebie inne przedsi\u0119biorstwo. Nast\u0119pnie Ty \u2013 jako detalista \u2013 sprzedasz go pod swoj\u0105 mark\u0105.&nbsp;<\/p>\n\n\n\n<p>Taki model biznesowy oznacza, \u017ce zostaniesz zaproszony przez producenta do wsp\u00f3\u0142pracy przy tworzeniu towaru. Producent doradza i s\u0142u\u017cy swoj\u0105 specjalistyczn\u0105 wiedz\u0105. To jednak <strong>Ty decydujesz o rodzaju wyprodukowanych specjalnie dla Ciebie produkt\u00f3w<\/strong>,<strong> <\/strong>ich wygl\u0105dzie czy w\u0142a\u015bciwo\u015bciach. Najcz\u0119\u015bciej tak\u017ce producent stworzy dla Ciebie opakowania, etykiety i inne elementy niezb\u0119dne do dystrybucji. Dzi\u0119ki temu otrzymasz produkt w pe\u0142ni gotowy do sprzeda\u017cy.&nbsp;<\/p>\n\n\n\n<p>Takie rozwi\u0105zanie, w zakresie produkcji o\u015bwietlenia, oferuje dla swoich odbiorc\u00f3w tak\u017ce Sollux.&nbsp;<\/p>\n\n\n\n<p class=\"has-vivid-cyan-blue-color has-text-color has-link-color wp-elements-bcb1b84e25ffcf545b59172dbcc5ecc3\"><strong><a href=\"https:\/\/sollux-lighting.com\/pl\/wspolpraca\/marka-wlasna\/\"><span style=\"text-decoration: underline;\">Sprawd\u017a, jak przebiega proces wsp\u00f3\u0142pracy z odbiorc\u0105 marki w\u0142asnej w Sollux >>\u00a0<\/span><\/a><\/strong><\/p>\n\n\n\n<h3 class=\"wp-block-heading\"><strong>Private label a white label \u2013 najwa\u017cniejsze r\u00f3\u017cnice<\/strong><\/h3>\n\n\n\n<p>Podobn\u0105 mo\u017cliwo\u015bci\u0105 wsp\u00f3\u0142pracy z producentem jest model nazywany <strong>white label<\/strong>. Polega on na <strong>zakupie gotowego produktu<\/strong> (lub ca\u0142ej linii) od producenta. W przeciwie\u0144stwie do modelu private label, jako przedsi\u0119biorca <strong>nie bierzesz udzia\u0142u w tworzeniu produktu<\/strong>. Otrzymujesz gotowy towar, kt\u00f3ry nast\u0119pnie sprzedajesz pod mark\u0105 w\u0142asn\u0105.&nbsp;<\/p>\n\n\n\n<p>Po Twojej stronie jest r\u00f3wnie\u017c oznakowanie go swoj\u0105 mark\u0105, nadanie mu w\u0142asnej nazwy, logo, pakowanie w obrandowane opakowania itd. Nast\u0119pnie \u2013 podobnie jak w przypadku private label \u2013 zajmujesz si\u0119 tak\u017ce ustaleniem strategii cenowej, marketingowej i sprzeda\u017cowej oraz dystrybucj\u0105 produktu.&nbsp;<\/p>\n\n\n\n<figure class=\"wp-block-table\"><table><tbody><tr><td><strong>Wyprzed\u017a konkurencj\u0119 z mark\u0105 w\u0142asn\u0105!<\/strong> Model biznesowy oparty o mark\u0119 w\u0142asn\u0105 oznacza wiele korzy\u015bci dla Twojej firmy. Je\u015bli chcesz dowiedzie\u0107 si\u0119, jak krok po kroku przygotowa\u0107 si\u0119 do jej wdro\u017cenia, pobierz nasz bezp\u0142atny poradnik.<br><br><strong>Pobieram e-book \u201ePierwsze kroki z mark\u0105 w\u0142asn\u0105\u201d &gt;<\/strong><\/td><\/tr><\/tbody><\/table><\/figure>\n\n\n\n<h2 class=\"wp-block-heading\"><strong>Marka w\u0142asna \u2013 przyk\u0142ady<\/strong><\/h2>\n\n\n\n<p><strong>Przyk\u0142ady produkt\u00f3w marki w\u0142asnej<\/strong> mo\u017cna znale\u017a\u0107 w zasadzie w ka\u017cdej bran\u017cy \u2013 od spo\u017cywczej, przez chemiczn\u0105, po odzie\u017cow\u0105 czy technologiczn\u0105.&nbsp;<\/p>\n\n\n\n<ul class=\"wp-block-list\">\n<li>Du\u017ce <strong>sieci handlowe, supermarkety i dyskonty <\/strong>oferuj\u0105 w\u0142asne marki produkt\u00f3w spo\u017cywczych czy kosmetyk\u00f3w. W ten spos\u00f3b dzia\u0142aj\u0105 Auchan, Lidl czy Biedronka.<br><\/li>\n\n\n\n<li>Producenci <strong>chemii motoryzacyjnej i u\u017cytkowej <\/strong>zach\u0119caj\u0105 swoich odbiorc\u00f3w do budowania wraz z nimi w\u0142asnej marki produkt\u00f3w. Proponuj\u0105 nie tylko produkcj\u0119, lecz tak\u017ce opracowanie opis\u00f3w produkt\u00f3w, zdj\u0119\u0107 czy opakowa\u0144.<br><\/li>\n\n\n\n<li><strong>Laboratoria kosmetyczne<\/strong> oferuj\u0105 swoim klientom mo\u017cliwo\u015b\u0107 kompleksowego stworzenia linii kosmetyk\u00f3w pod mark\u0105 w\u0142asn\u0105. Us\u0142uga taka mo\u017ce obejmowa\u0107 m.in. dob\u00f3r sk\u0142adnik\u00f3w aktywnych, opracowanie receptury, przeprowadzenie niezb\u0119dnych bada\u0144, a nawet rejestracj\u0119 kosmetyk\u00f3w.<br><\/li>\n\n\n\n<li>W <strong>Sollux<\/strong> r\u00f3wnie\u017c oferujemy mo\u017cliwo\u015b\u0107 stworzenia w\u0142asnej marki o\u015bwietlenia na prostych zasadach, szybko i op\u0142acalnie. Dzi\u0119ki temu mo\u017cesz sprzedawa\u0107 unikalne, wysokiej jako\u015bci lampy wyprodukowane w Polsce, pod swoj\u0105 mark\u0105.<\/li>\n<\/ul>\n\n\n\n<p><\/p>\n\n\n\n<p class=\"has-vivid-cyan-blue-color has-text-color has-link-color wp-elements-324f298ddeff87ff52ef6c0b68990d94\"><strong><a href=\"https:\/\/sollux-lighting.com\/pl\/wspolpraca\/marka-wlasna\/\">Poznaj szczeg\u00f3\u0142y takiej wsp\u00f3\u0142pracy z Sollux w modelu marki w\u0142asnej &gt;&gt;<\/a><\/strong><\/p>\n\n\n\n<p>Przyk\u0142ady marek w\u0142asnych na polskim rynku mo\u017cna mno\u017cy\u0107, poniewa\u017c na handel w takim modelu decyduje si\u0119 coraz wi\u0119cej sprzedawc\u00f3w \u2013 zar\u00f3wno sklep\u00f3w stacjonarnych, jak i internetowych. I nie ma w tym nic dziwnego, poniewa\u017c private label oznacza wiele korzy\u015bci biznesowych.<\/p>\n\n\n\n<h2 class=\"wp-block-heading\"><strong>Korzy\u015bci z wdro\u017cenia marki w\u0142asnej<\/strong><\/h2>\n\n\n\n<ul class=\"wp-block-list\">\n<li><strong>Marka w\u0142asna zwi\u0119ksza przewag\u0119 konkurencyjn\u0105 i buduje pozycj\u0119 Twojego sklepu na rynku.<\/strong><\/li>\n<\/ul>\n\n\n\n<p>Marka w\u0142asna zapewni Ci zupe\u0142nie now\u0105 pozycj\u0119 na rynku. Maj\u0105c swoje produkty, nie sprzedajesz ju\u017c tego, co wszyscy. Jeste\u015b<strong> <\/strong>jedynym dystrybutorem unikalnego brandu, kt\u00f3ry stworzy\u0142e\u015b. Dlatego <strong>nie musisz walczy\u0107 z konkurencj\u0105 cen\u0105 czy ma\u0142o op\u0142acalnymi promocjami<\/strong>. W\u0142asny brand wyr\u00f3\u017cni Ci\u0119 na rynku i dodatkowo przyci\u0105gnie klient\u00f3w, kt\u00f3rzy poszukuj\u0105 atrakcyjnych&nbsp; nowo\u015bci w Twoim segmencie.&nbsp;<\/p>\n\n\n\n<ul class=\"wp-block-list\">\n<li><strong>Dzi\u0119ki marce w\u0142asnej zyskujesz wy\u017csz\u0105 efektywno\u015b\u0107 operacyjn\u0105.<\/strong><\/li>\n<\/ul>\n\n\n\n<p>Stworzenie marki w\u0142asnej daje ogromne mo\u017cliwo\u015bci w biznesie. Jednocze\u015bnie zlecenie produkcji firmie zewn\u0119trznej zdejmuje z Ciebie ogrom obowi\u0105zk\u00f3w z tym zwi\u0105zanych. W takim modelu <strong>\u201enie interesuje\u201d Ci\u0119 proces produkcji<\/strong> \u2013 nie musisz inwestowa\u0107 w maszyny czy szuka\u0107 dostawc\u00f3w komponent\u00f3w. W wielu przypadkach po stronie producenta mo\u017cesz zostawi\u0107 tak\u017ce opakowania, opisy produktowe czy wykonanie zdj\u0119\u0107 sprzeda\u017cowych. Dzi\u0119ki temu Ty mo\u017cesz skupi\u0107 si\u0119 na<strong> budowaniu marki w\u0142asnej, promocji i dystrybucji.&nbsp;<\/strong><\/p>\n\n\n\n<ul class=\"wp-block-list\">\n<li><strong>Marka w\u0142asna daje Ci pe\u0142n\u0105 kontrol\u0119 nad jej brandingiem, wizerunkiem i strategi\u0105 sprzeda\u017cow\u0105.<\/strong><\/li>\n<\/ul>\n\n\n\n<p>Tworz\u0105c mark\u0119 w\u0142asn\u0105, <strong>nie jeste\u015b zale\u017cny od innych<\/strong> \u2013 masz pod kontrol\u0105 ca\u0142y proces zwi\u0105zany z produktem.<\/p>\n\n\n\n<ul class=\"wp-block-list\">\n<li>Decydujesz o rodzaju i jako\u015bci produkt\u00f3w \u2013 poniewa\u017c uczestniczysz w procesie projektowania.&nbsp;<\/li>\n\n\n\n<li>Masz wp\u0142yw na proces brandingu, wygl\u0105d opakowa\u0144, etykiet i ca\u0142\u0105 identyfikacj\u0119 wizualn\u0105 marki.<\/li>\n\n\n\n<li>Ustalasz kana\u0142y sprzeda\u017cy, strategi\u0119 cenow\u0105, dbasz o marketing, budujesz taki wizerunek marki, jaki uznasz za najbardziej efektywny.&nbsp;<\/li>\n<\/ul>\n\n\n\n<p>Od Ciebie wi\u0119c zale\u017cy, czy zach\u0119cisz konsument\u00f3w do swojej oferty, spe\u0142nisz oczekiwania klient\u00f3w i zbudujesz przewag\u0119 konkurencyjn\u0105. Nie musisz przy tym \u201eogl\u0105da\u0107 si\u0119\u201d na nikogo.&nbsp;<\/p>\n\n\n\n<ul class=\"wp-block-list\">\n<li><strong>Private label umo\u017cliwi Ci wi\u0119ksz\u0105 elastyczno\u015b\u0107 w kszta\u0142towaniu oferty.&nbsp;<\/strong><\/li>\n<\/ul>\n\n\n\n<p>Marka w\u0142asna daje Ci pole do elastycznego <strong>ustalania cen.<\/strong> Mo\u017cesz r\u00f3\u017cnicowa\u0107 je wzgl\u0119dem okre\u015blonych grup odbiorc\u00f3w, cz\u0119\u015b\u0107 produkt\u00f3w pozycjonuj\u0105c na przyk\u0142ad jako mark\u0119 premium. Dzi\u0119ki temu jeste\u015b tak\u017ce w stanie dostosowa\u0107 si\u0119 do zmieniaj\u0105cych si\u0119 warunk\u00f3w rynkowych i konkurencji.<\/p>\n\n\n\n<ul class=\"wp-block-list\">\n<li><strong>Marka w\u0142asna to doskona\u0142y spos\u00f3b na dywersyfikacj\u0119, czyli zr\u00f3\u017cnicowanie oferty Twojego sklepu.<\/strong><\/li>\n<\/ul>\n\n\n\n<p>Marka w\u0142asna nie musi by\u0107 jedynym brandem, kt\u00f3ry posiadasz w swoim asortymencie. B\u0119dzie za to stanowi\u0142a <strong>\u015bwietne uzupe\u0142nienie dla innych produkt\u00f3w<\/strong>, kt\u00f3re sprzedajesz. Dzi\u0119ki niej wprowadzisz do swojego sklepu now\u0105 ofert\u0119, idealnie dopasowan\u0105 do potrzeb i preferencji Twoich klient\u00f3w.<\/p>\n\n\n\n<ul class=\"wp-block-list\">\n<li><strong>Inwestycja w private label oznacza oszcz\u0119dno\u015b\u0107 czasu tak\u017ce w kontek\u015bcie procesu logistycznego.<\/strong><\/li>\n<\/ul>\n\n\n\n<p>W przeciwie\u0144stwie do zam\u00f3wie\u0144 z Chin, kt\u00f3rych dostawa trwa nawet kilka miesi\u0119cy, towar wyprodukowany w Polsce mo\u017cesz otrzyma\u0107 ju\u017c po kilku tygodniach. Kr\u00f3tszy czas oczekiwania to jednocze\u015bnie <strong>p\u0142ynno\u015b\u0107 finansowa dla Twojej firmy.&nbsp;<\/strong><\/p>\n\n\n\n<h2 class=\"wp-block-heading has-vivid-green-cyan-color has-text-color has-link-color wp-elements-3f9a84438ee6d0664cd6968af0d538c8\"><strong><a href=\"https:\/\/sollux-lighting.com\/pl\/wiedza\/marka-wlasna\/marka-wlasna-jak-i-od-czego-zaczac-budowanie-private-label\/\"><span style=\"text-decoration: underline;\">Marka w\u0142asna \u2013 jak zacz\u0105\u0107?<\/span><\/a><\/strong><\/h2>\n\n\n\n<p>Marka w\u0142asna mo\u017ce oznacza\u0107 szereg istotnych korzy\u015bci dla Twojego biznesu. Co wa\u017cne, pr\u00f3g wej\u015bcia w taki model biznesowy jest stosunkowo niski. Nie musisz inwestowa\u0107 w specjalistyczn\u0105 lini\u0119 produkcyjn\u0105 ani posiada\u0107 z\u0142o\u017conej wiedzy z tego obszaru. Tym zajmie si\u0119 producent.&nbsp;<\/p>\n\n\n\n<p>Czy jednak oznacza to, \u017ce Ty jedynie sk\u0142adasz zam\u00f3wienie i czekasz na gotowe produkty w\u0142asnej marki? Nie do ko\u0144ca. Je\u015bli chcesz wiedzie\u0107, od czego zacz\u0105\u0107, pobierz <strong>bezp\u0142atny poradnik<\/strong> <strong>\u201ePierwsze kroki z mark\u0105 w\u0142asn\u0105\u201d<\/strong>. Przygotowali\u015bmy go w Sollux, bazuj\u0105c na wieloletnim do\u015bwiadczeniu w projektowaniu i produkcji marek w\u0142asnych dla naszych klient\u00f3w.&nbsp;<\/p>\n\n\n\n<p><strong>Chc\u0119 wiedzie\u0107, jak stworzy\u0107 mark\u0119 w\u0142asn\u0105!<\/strong><strong><br><\/strong><strong>Pobieram e-book &gt;<\/strong><\/p>\n","protected":false},"excerpt":{"rendered":"<p>Prowadzisz sklep stacjonarny lub e-commerce i rozwa\u017casz r\u00f3\u017cne kierunki rozwoju? Pomy\u015bl o stworzeniu w\u0142asnej linii produkt\u00f3w. <\/p>\n","protected":false},"author":8,"featured_media":77486,"comment_status":"open","ping_status":"open","sticky":false,"template":"","format":"standard","meta":{"_acf_changed":false,"footnotes":""},"categories":[10362],"tags":[],"class_list":["post-76519","post","type-post","status-publish","format-standard","has-post-thumbnail","hentry","category-marka-wlasna"],"acf":[],"yoast_head":"<!-- This site is optimized with the Yoast SEO plugin v25.4 - https:\/\/yoast.com\/wordpress\/plugins\/seo\/ -->\n<title>Czym jest private label i czy to dobry pomys\u0142 na rozw\u00f3j sklepu?<\/title>\n<meta name=\"description\" content=\"Szukasz sposobu na rozw\u00f3j swojego sklepu? Rozwi\u0105zaniem mo\u017ce by\u0107 marka w\u0142asna. Przeczytaj, czy warto zainwestowa\u0107 w ten model biznesu.\" \/>\n<meta name=\"robots\" content=\"index, follow, max-snippet:-1, max-image-preview:large, max-video-preview:-1\" \/>\n<link rel=\"canonical\" href=\"https:\/\/sollux-lighting.com\/pl\/wiedza\/marka-wlasna\/co-to-jest-private-label-i-czy-to-dobry-pomysl-na-rozwoj-twojego-sklepu\/\" \/>\n<meta property=\"og:locale\" content=\"pl_PL\" \/>\n<meta property=\"og:type\" content=\"article\" \/>\n<meta property=\"og:title\" content=\"Czym jest private label i czy to dobry pomys\u0142 na rozw\u00f3j sklepu?\" \/>\n<meta property=\"og:description\" content=\"Szukasz sposobu na rozw\u00f3j swojego sklepu? Rozwi\u0105zaniem mo\u017ce by\u0107 marka w\u0142asna. Przeczytaj, czy warto zainwestowa\u0107 w ten model biznesu.\" \/>\n<meta property=\"og:url\" content=\"https:\/\/sollux-lighting.com\/pl\/wiedza\/marka-wlasna\/co-to-jest-private-label-i-czy-to-dobry-pomysl-na-rozwoj-twojego-sklepu\/\" \/>\n<meta property=\"og:site_name\" content=\"Sollux Lighting\" \/>\n<meta property=\"article:published_time\" content=\"2024-10-10T16:22:15+00:00\" \/>\n<meta property=\"article:modified_time\" content=\"2025-01-30T17:20:59+00:00\" \/>\n<meta property=\"og:image\" content=\"https:\/\/sollux-lighting.com\/wp-content\/uploads\/2025\/01\/DALL\u00b7E-2025-01-30-13.56.56-Minimalist-illustration-representing-private-label-branding-in-the-lighting-industry.-A-modern-e-commerce-concept-with-elements-like-custom-designed-l.webp\" \/>\n\t<meta property=\"og:image:width\" content=\"1024\" \/>\n\t<meta property=\"og:image:height\" content=\"1024\" \/>\n\t<meta property=\"og:image:type\" content=\"image\/webp\" \/>\n<meta name=\"author\" content=\"Webo Agency\" \/>\n<meta name=\"twitter:card\" content=\"summary_large_image\" \/>\n<meta name=\"twitter:label1\" content=\"Napisane przez\" \/>\n\t<meta name=\"twitter:data1\" content=\"Webo Agency\" \/>\n\t<meta name=\"twitter:label2\" content=\"Szacowany czas czytania\" \/>\n\t<meta name=\"twitter:data2\" content=\"7 minut\" \/>\n<script type=\"application\/ld+json\" class=\"yoast-schema-graph\">{\"@context\":\"https:\/\/schema.org\",\"@graph\":[{\"@type\":\"Article\",\"@id\":\"https:\/\/sollux-lighting.com\/pl\/wiedza\/marka-wlasna\/co-to-jest-private-label-i-czy-to-dobry-pomysl-na-rozwoj-twojego-sklepu\/#article\",\"isPartOf\":{\"@id\":\"https:\/\/sollux-lighting.com\/pl\/wiedza\/marka-wlasna\/co-to-jest-private-label-i-czy-to-dobry-pomysl-na-rozwoj-twojego-sklepu\/\"},\"author\":{\"name\":\"Webo Agency\",\"@id\":\"https:\/\/sollux-lighting.com\/pl\/#\/schema\/person\/0af1fa2ee343544d83b6ef2e7aa7cb67\"},\"headline\":\"Marka w\u0142asna \u2013 co to jest private label i czy to dobry pomys\u0142 na rozw\u00f3j Twojego sklepu?\",\"datePublished\":\"2024-10-10T16:22:15+00:00\",\"dateModified\":\"2025-01-30T17:20:59+00:00\",\"mainEntityOfPage\":{\"@id\":\"https:\/\/sollux-lighting.com\/pl\/wiedza\/marka-wlasna\/co-to-jest-private-label-i-czy-to-dobry-pomysl-na-rozwoj-twojego-sklepu\/\"},\"wordCount\":1241,\"commentCount\":0,\"publisher\":{\"@id\":\"https:\/\/sollux-lighting.com\/pl\/#organization\"},\"image\":{\"@id\":\"https:\/\/sollux-lighting.com\/pl\/wiedza\/marka-wlasna\/co-to-jest-private-label-i-czy-to-dobry-pomysl-na-rozwoj-twojego-sklepu\/#primaryimage\"},\"thumbnailUrl\":\"https:\/\/sollux-lighting.com\/wp-content\/uploads\/2025\/01\/DALL\u00b7E-2025-01-30-13.56.56-Minimalist-illustration-representing-private-label-branding-in-the-lighting-industry.-A-modern-e-commerce-concept-with-elements-like-custom-designed-l.webp\",\"articleSection\":[\"Marka w\u0142asna\"],\"inLanguage\":\"pl-PL\",\"potentialAction\":[{\"@type\":\"CommentAction\",\"name\":\"Comment\",\"target\":[\"https:\/\/sollux-lighting.com\/pl\/wiedza\/marka-wlasna\/co-to-jest-private-label-i-czy-to-dobry-pomysl-na-rozwoj-twojego-sklepu\/#respond\"]}]},{\"@type\":\"WebPage\",\"@id\":\"https:\/\/sollux-lighting.com\/pl\/wiedza\/marka-wlasna\/co-to-jest-private-label-i-czy-to-dobry-pomysl-na-rozwoj-twojego-sklepu\/\",\"url\":\"https:\/\/sollux-lighting.com\/pl\/wiedza\/marka-wlasna\/co-to-jest-private-label-i-czy-to-dobry-pomysl-na-rozwoj-twojego-sklepu\/\",\"name\":\"Czym jest private label i czy to dobry pomys\u0142 na rozw\u00f3j sklepu?\",\"isPartOf\":{\"@id\":\"https:\/\/sollux-lighting.com\/pl\/#website\"},\"primaryImageOfPage\":{\"@id\":\"https:\/\/sollux-lighting.com\/pl\/wiedza\/marka-wlasna\/co-to-jest-private-label-i-czy-to-dobry-pomysl-na-rozwoj-twojego-sklepu\/#primaryimage\"},\"image\":{\"@id\":\"https:\/\/sollux-lighting.com\/pl\/wiedza\/marka-wlasna\/co-to-jest-private-label-i-czy-to-dobry-pomysl-na-rozwoj-twojego-sklepu\/#primaryimage\"},\"thumbnailUrl\":\"https:\/\/sollux-lighting.com\/wp-content\/uploads\/2025\/01\/DALL\u00b7E-2025-01-30-13.56.56-Minimalist-illustration-representing-private-label-branding-in-the-lighting-industry.-A-modern-e-commerce-concept-with-elements-like-custom-designed-l.webp\",\"datePublished\":\"2024-10-10T16:22:15+00:00\",\"dateModified\":\"2025-01-30T17:20:59+00:00\",\"description\":\"Szukasz sposobu na rozw\u00f3j swojego sklepu? Rozwi\u0105zaniem mo\u017ce by\u0107 marka w\u0142asna. Przeczytaj, czy warto zainwestowa\u0107 w ten model biznesu.\",\"breadcrumb\":{\"@id\":\"https:\/\/sollux-lighting.com\/pl\/wiedza\/marka-wlasna\/co-to-jest-private-label-i-czy-to-dobry-pomysl-na-rozwoj-twojego-sklepu\/#breadcrumb\"},\"inLanguage\":\"pl-PL\",\"potentialAction\":[{\"@type\":\"ReadAction\",\"target\":[\"https:\/\/sollux-lighting.com\/pl\/wiedza\/marka-wlasna\/co-to-jest-private-label-i-czy-to-dobry-pomysl-na-rozwoj-twojego-sklepu\/\"]}]},{\"@type\":\"ImageObject\",\"inLanguage\":\"pl-PL\",\"@id\":\"https:\/\/sollux-lighting.com\/pl\/wiedza\/marka-wlasna\/co-to-jest-private-label-i-czy-to-dobry-pomysl-na-rozwoj-twojego-sklepu\/#primaryimage\",\"url\":\"https:\/\/sollux-lighting.com\/wp-content\/uploads\/2025\/01\/DALL\u00b7E-2025-01-30-13.56.56-Minimalist-illustration-representing-private-label-branding-in-the-lighting-industry.-A-modern-e-commerce-concept-with-elements-like-custom-designed-l.webp\",\"contentUrl\":\"https:\/\/sollux-lighting.com\/wp-content\/uploads\/2025\/01\/DALL\u00b7E-2025-01-30-13.56.56-Minimalist-illustration-representing-private-label-branding-in-the-lighting-industry.-A-modern-e-commerce-concept-with-elements-like-custom-designed-l.webp\",\"width\":1024,\"height\":1024},{\"@type\":\"BreadcrumbList\",\"@id\":\"https:\/\/sollux-lighting.com\/pl\/wiedza\/marka-wlasna\/co-to-jest-private-label-i-czy-to-dobry-pomysl-na-rozwoj-twojego-sklepu\/#breadcrumb\",\"itemListElement\":[{\"@type\":\"ListItem\",\"position\":1,\"name\":\"Strona g\u0142\u00f3wna\",\"item\":\"https:\/\/sollux-lighting.com\/pl\/\"},{\"@type\":\"ListItem\",\"position\":2,\"name\":\"Marka w\u0142asna \u2013 co to jest private label i czy to dobry pomys\u0142 na rozw\u00f3j Twojego sklepu?\"}]},{\"@type\":\"WebSite\",\"@id\":\"https:\/\/sollux-lighting.com\/pl\/#website\",\"url\":\"https:\/\/sollux-lighting.com\/pl\/\",\"name\":\"Sollux Lighting\",\"description\":\"Brighten up your business\",\"publisher\":{\"@id\":\"https:\/\/sollux-lighting.com\/pl\/#organization\"},\"potentialAction\":[{\"@type\":\"SearchAction\",\"target\":{\"@type\":\"EntryPoint\",\"urlTemplate\":\"https:\/\/sollux-lighting.com\/pl\/?s={search_term_string}\"},\"query-input\":{\"@type\":\"PropertyValueSpecification\",\"valueRequired\":true,\"valueName\":\"search_term_string\"}}],\"inLanguage\":\"pl-PL\"},{\"@type\":\"Organization\",\"@id\":\"https:\/\/sollux-lighting.com\/pl\/#organization\",\"name\":\"Sollux Lighting\",\"url\":\"https:\/\/sollux-lighting.com\/pl\/\",\"logo\":{\"@type\":\"ImageObject\",\"inLanguage\":\"pl-PL\",\"@id\":\"https:\/\/sollux-lighting.com\/pl\/#\/schema\/logo\/image\/\",\"url\":\"https:\/\/sollux-lighting.com\/wp-content\/uploads\/2023\/02\/LOGO.svg\",\"contentUrl\":\"https:\/\/sollux-lighting.com\/wp-content\/uploads\/2023\/02\/LOGO.svg\",\"width\":160,\"height\":46,\"caption\":\"Sollux Lighting\"},\"image\":{\"@id\":\"https:\/\/sollux-lighting.com\/pl\/#\/schema\/logo\/image\/\"}},{\"@type\":\"Person\",\"@id\":\"https:\/\/sollux-lighting.com\/pl\/#\/schema\/person\/0af1fa2ee343544d83b6ef2e7aa7cb67\",\"name\":\"Webo Agency\",\"image\":{\"@type\":\"ImageObject\",\"inLanguage\":\"pl-PL\",\"@id\":\"https:\/\/sollux-lighting.com\/pl\/#\/schema\/person\/image\/\",\"url\":\"https:\/\/sollux-lighting.com\/wp-content\/litespeed\/avatar\/fbe8800c763bddfa5be71a44824365b6.jpg?ver=1777138439\",\"contentUrl\":\"https:\/\/sollux-lighting.com\/wp-content\/litespeed\/avatar\/fbe8800c763bddfa5be71a44824365b6.jpg?ver=1777138439\",\"caption\":\"Webo Agency\"},\"url\":\"https:\/\/sollux-lighting.com\/pl\/wiedza\/author\/webo-agency\/\"}]}<\/script>\n<!-- \/ Yoast SEO plugin. -->","yoast_head_json":{"title":"Czym jest private label i czy to dobry pomys\u0142 na rozw\u00f3j sklepu?","description":"Szukasz sposobu na rozw\u00f3j swojego sklepu? Rozwi\u0105zaniem mo\u017ce by\u0107 marka w\u0142asna. Przeczytaj, czy warto zainwestowa\u0107 w ten model biznesu.","robots":{"index":"index","follow":"follow","max-snippet":"max-snippet:-1","max-image-preview":"max-image-preview:large","max-video-preview":"max-video-preview:-1"},"canonical":"https:\/\/sollux-lighting.com\/pl\/wiedza\/marka-wlasna\/co-to-jest-private-label-i-czy-to-dobry-pomysl-na-rozwoj-twojego-sklepu\/","og_locale":"pl_PL","og_type":"article","og_title":"Czym jest private label i czy to dobry pomys\u0142 na rozw\u00f3j sklepu?","og_description":"Szukasz sposobu na rozw\u00f3j swojego sklepu? Rozwi\u0105zaniem mo\u017ce by\u0107 marka w\u0142asna. Przeczytaj, czy warto zainwestowa\u0107 w ten model biznesu.","og_url":"https:\/\/sollux-lighting.com\/pl\/wiedza\/marka-wlasna\/co-to-jest-private-label-i-czy-to-dobry-pomysl-na-rozwoj-twojego-sklepu\/","og_site_name":"Sollux Lighting","article_published_time":"2024-10-10T16:22:15+00:00","article_modified_time":"2025-01-30T17:20:59+00:00","og_image":[{"width":1024,"height":1024,"url":"https:\/\/sollux-lighting.com\/wp-content\/uploads\/2025\/01\/DALL\u00b7E-2025-01-30-13.56.56-Minimalist-illustration-representing-private-label-branding-in-the-lighting-industry.-A-modern-e-commerce-concept-with-elements-like-custom-designed-l.webp","type":"image\/webp"}],"author":"Webo Agency","twitter_card":"summary_large_image","twitter_misc":{"Napisane przez":"Webo Agency","Szacowany czas czytania":"7 minut"},"schema":{"@context":"https:\/\/schema.org","@graph":[{"@type":"Article","@id":"https:\/\/sollux-lighting.com\/pl\/wiedza\/marka-wlasna\/co-to-jest-private-label-i-czy-to-dobry-pomysl-na-rozwoj-twojego-sklepu\/#article","isPartOf":{"@id":"https:\/\/sollux-lighting.com\/pl\/wiedza\/marka-wlasna\/co-to-jest-private-label-i-czy-to-dobry-pomysl-na-rozwoj-twojego-sklepu\/"},"author":{"name":"Webo Agency","@id":"https:\/\/sollux-lighting.com\/pl\/#\/schema\/person\/0af1fa2ee343544d83b6ef2e7aa7cb67"},"headline":"Marka w\u0142asna \u2013 co to jest private label i czy to dobry pomys\u0142 na rozw\u00f3j Twojego sklepu?","datePublished":"2024-10-10T16:22:15+00:00","dateModified":"2025-01-30T17:20:59+00:00","mainEntityOfPage":{"@id":"https:\/\/sollux-lighting.com\/pl\/wiedza\/marka-wlasna\/co-to-jest-private-label-i-czy-to-dobry-pomysl-na-rozwoj-twojego-sklepu\/"},"wordCount":1241,"commentCount":0,"publisher":{"@id":"https:\/\/sollux-lighting.com\/pl\/#organization"},"image":{"@id":"https:\/\/sollux-lighting.com\/pl\/wiedza\/marka-wlasna\/co-to-jest-private-label-i-czy-to-dobry-pomysl-na-rozwoj-twojego-sklepu\/#primaryimage"},"thumbnailUrl":"https:\/\/sollux-lighting.com\/wp-content\/uploads\/2025\/01\/DALL\u00b7E-2025-01-30-13.56.56-Minimalist-illustration-representing-private-label-branding-in-the-lighting-industry.-A-modern-e-commerce-concept-with-elements-like-custom-designed-l.webp","articleSection":["Marka w\u0142asna"],"inLanguage":"pl-PL","potentialAction":[{"@type":"CommentAction","name":"Comment","target":["https:\/\/sollux-lighting.com\/pl\/wiedza\/marka-wlasna\/co-to-jest-private-label-i-czy-to-dobry-pomysl-na-rozwoj-twojego-sklepu\/#respond"]}]},{"@type":"WebPage","@id":"https:\/\/sollux-lighting.com\/pl\/wiedza\/marka-wlasna\/co-to-jest-private-label-i-czy-to-dobry-pomysl-na-rozwoj-twojego-sklepu\/","url":"https:\/\/sollux-lighting.com\/pl\/wiedza\/marka-wlasna\/co-to-jest-private-label-i-czy-to-dobry-pomysl-na-rozwoj-twojego-sklepu\/","name":"Czym jest private label i czy to dobry pomys\u0142 na rozw\u00f3j sklepu?","isPartOf":{"@id":"https:\/\/sollux-lighting.com\/pl\/#website"},"primaryImageOfPage":{"@id":"https:\/\/sollux-lighting.com\/pl\/wiedza\/marka-wlasna\/co-to-jest-private-label-i-czy-to-dobry-pomysl-na-rozwoj-twojego-sklepu\/#primaryimage"},"image":{"@id":"https:\/\/sollux-lighting.com\/pl\/wiedza\/marka-wlasna\/co-to-jest-private-label-i-czy-to-dobry-pomysl-na-rozwoj-twojego-sklepu\/#primaryimage"},"thumbnailUrl":"https:\/\/sollux-lighting.com\/wp-content\/uploads\/2025\/01\/DALL\u00b7E-2025-01-30-13.56.56-Minimalist-illustration-representing-private-label-branding-in-the-lighting-industry.-A-modern-e-commerce-concept-with-elements-like-custom-designed-l.webp","datePublished":"2024-10-10T16:22:15+00:00","dateModified":"2025-01-30T17:20:59+00:00","description":"Szukasz sposobu na rozw\u00f3j swojego sklepu? Rozwi\u0105zaniem mo\u017ce by\u0107 marka w\u0142asna. Przeczytaj, czy warto zainwestowa\u0107 w ten model biznesu.","breadcrumb":{"@id":"https:\/\/sollux-lighting.com\/pl\/wiedza\/marka-wlasna\/co-to-jest-private-label-i-czy-to-dobry-pomysl-na-rozwoj-twojego-sklepu\/#breadcrumb"},"inLanguage":"pl-PL","potentialAction":[{"@type":"ReadAction","target":["https:\/\/sollux-lighting.com\/pl\/wiedza\/marka-wlasna\/co-to-jest-private-label-i-czy-to-dobry-pomysl-na-rozwoj-twojego-sklepu\/"]}]},{"@type":"ImageObject","inLanguage":"pl-PL","@id":"https:\/\/sollux-lighting.com\/pl\/wiedza\/marka-wlasna\/co-to-jest-private-label-i-czy-to-dobry-pomysl-na-rozwoj-twojego-sklepu\/#primaryimage","url":"https:\/\/sollux-lighting.com\/wp-content\/uploads\/2025\/01\/DALL\u00b7E-2025-01-30-13.56.56-Minimalist-illustration-representing-private-label-branding-in-the-lighting-industry.-A-modern-e-commerce-concept-with-elements-like-custom-designed-l.webp","contentUrl":"https:\/\/sollux-lighting.com\/wp-content\/uploads\/2025\/01\/DALL\u00b7E-2025-01-30-13.56.56-Minimalist-illustration-representing-private-label-branding-in-the-lighting-industry.-A-modern-e-commerce-concept-with-elements-like-custom-designed-l.webp","width":1024,"height":1024},{"@type":"BreadcrumbList","@id":"https:\/\/sollux-lighting.com\/pl\/wiedza\/marka-wlasna\/co-to-jest-private-label-i-czy-to-dobry-pomysl-na-rozwoj-twojego-sklepu\/#breadcrumb","itemListElement":[{"@type":"ListItem","position":1,"name":"Strona g\u0142\u00f3wna","item":"https:\/\/sollux-lighting.com\/pl\/"},{"@type":"ListItem","position":2,"name":"Marka w\u0142asna \u2013 co to jest private label i czy to dobry pomys\u0142 na rozw\u00f3j Twojego sklepu?"}]},{"@type":"WebSite","@id":"https:\/\/sollux-lighting.com\/pl\/#website","url":"https:\/\/sollux-lighting.com\/pl\/","name":"Sollux Lighting","description":"Brighten up your business","publisher":{"@id":"https:\/\/sollux-lighting.com\/pl\/#organization"},"potentialAction":[{"@type":"SearchAction","target":{"@type":"EntryPoint","urlTemplate":"https:\/\/sollux-lighting.com\/pl\/?s={search_term_string}"},"query-input":{"@type":"PropertyValueSpecification","valueRequired":true,"valueName":"search_term_string"}}],"inLanguage":"pl-PL"},{"@type":"Organization","@id":"https:\/\/sollux-lighting.com\/pl\/#organization","name":"Sollux Lighting","url":"https:\/\/sollux-lighting.com\/pl\/","logo":{"@type":"ImageObject","inLanguage":"pl-PL","@id":"https:\/\/sollux-lighting.com\/pl\/#\/schema\/logo\/image\/","url":"https:\/\/sollux-lighting.com\/wp-content\/uploads\/2023\/02\/LOGO.svg","contentUrl":"https:\/\/sollux-lighting.com\/wp-content\/uploads\/2023\/02\/LOGO.svg","width":160,"height":46,"caption":"Sollux Lighting"},"image":{"@id":"https:\/\/sollux-lighting.com\/pl\/#\/schema\/logo\/image\/"}},{"@type":"Person","@id":"https:\/\/sollux-lighting.com\/pl\/#\/schema\/person\/0af1fa2ee343544d83b6ef2e7aa7cb67","name":"Webo Agency","image":{"@type":"ImageObject","inLanguage":"pl-PL","@id":"https:\/\/sollux-lighting.com\/pl\/#\/schema\/person\/image\/","url":"https:\/\/sollux-lighting.com\/wp-content\/litespeed\/avatar\/fbe8800c763bddfa5be71a44824365b6.jpg?ver=1777138439","contentUrl":"https:\/\/sollux-lighting.com\/wp-content\/litespeed\/avatar\/fbe8800c763bddfa5be71a44824365b6.jpg?ver=1777138439","caption":"Webo Agency"},"url":"https:\/\/sollux-lighting.com\/pl\/wiedza\/author\/webo-agency\/"}]}},"_links":{"self":[{"href":"https:\/\/sollux-lighting.com\/pl\/wp-json\/wp\/v2\/posts\/76519","targetHints":{"allow":["GET"]}}],"collection":[{"href":"https:\/\/sollux-lighting.com\/pl\/wp-json\/wp\/v2\/posts"}],"about":[{"href":"https:\/\/sollux-lighting.com\/pl\/wp-json\/wp\/v2\/types\/post"}],"author":[{"embeddable":true,"href":"https:\/\/sollux-lighting.com\/pl\/wp-json\/wp\/v2\/users\/8"}],"replies":[{"embeddable":true,"href":"https:\/\/sollux-lighting.com\/pl\/wp-json\/wp\/v2\/comments?post=76519"}],"version-history":[{"count":9,"href":"https:\/\/sollux-lighting.com\/pl\/wp-json\/wp\/v2\/posts\/76519\/revisions"}],"predecessor-version":[{"id":77529,"href":"https:\/\/sollux-lighting.com\/pl\/wp-json\/wp\/v2\/posts\/76519\/revisions\/77529"}],"wp:featuredmedia":[{"embeddable":true,"href":"https:\/\/sollux-lighting.com\/pl\/wp-json\/wp\/v2\/media\/77486"}],"wp:attachment":[{"href":"https:\/\/sollux-lighting.com\/pl\/wp-json\/wp\/v2\/media?parent=76519"}],"wp:term":[{"taxonomy":"category","embeddable":true,"href":"https:\/\/sollux-lighting.com\/pl\/wp-json\/wp\/v2\/categories?post=76519"},{"taxonomy":"post_tag","embeddable":true,"href":"https:\/\/sollux-lighting.com\/pl\/wp-json\/wp\/v2\/tags?post=76519"}],"curies":[{"name":"wp","href":"https:\/\/api.w.org\/{rel}","templated":true}]}}